{"id":1310,"date":"2026-03-16T14:43:26","date_gmt":"2026-03-16T14:43:26","guid":{"rendered":"https:\/\/cbpa.cl\/?p=1310"},"modified":"2026-03-16T18:10:53","modified_gmt":"2026-03-16T18:10:53","slug":"elecciones-realizadas-en-el-consejo-regional-metropolitano","status":"publish","type":"post","link":"https:\/\/cbpa.cl\/index.php\/2026\/03\/16\/elecciones-realizadas-en-el-consejo-regional-metropolitano\/","title":{"rendered":"Elecciones en el Consejo Regional Metropolitano"},"content":{"rendered":"\n<div class=\"alignwide mzb-section mzb-section-e85b27b8 alignwide\"><div class=\"mzb-container\"><div class=\"mzb-section-inner is-horizontal justify-center align-center\">\n<div class=\"mzb-column mzb-column-2565b9cb\"><div class=\"mzb-column-inner\">\n<p class=\"mzb-paragraph mzb-paragraph-5f35e496\">Este viernes 13 de marzo se realizaron las elecciones en el Consejo Regional Metropolitano y se confirma la continuidad de representantes de nuestra instituci\u00f3n en importantes cargos dentro de la organizaci\u00f3n.<br>En este proceso, nuestro Superintendente, Sr. Juan G\u00f3mez Bueno, fue ratificado como integrante de la directiva del Consejo Regional Metropolitano, manteniendo as\u00ed su participaci\u00f3n en la conducci\u00f3n y coordinaci\u00f3n del trabajo entre los distintos Cuerpos de Bomberos de la regi\u00f3n.<\/p>\n\n\n\n<figure class=\"mzb-image mzb-image-74fbea38\"><img loading=\"lazy\" decoding=\"async\" class=\"wp-image-1312 hover-effect-static filter-none mask mask-none\" src=\"https:\/\/cbpa.cl\/wordpress\/wp-content\/uploads\/2026\/03\/WhatsApp-Image-2026-03-16-at-09.58.10-e1773672045525.jpeg\" alt=\"\" height=\"394\" width=\"480\" srcset=\"https:\/\/cbpa.cl\/wordpress\/wp-content\/uploads\/2026\/03\/WhatsApp-Image-2026-03-16-at-09.58.10-e1773672045525.jpeg 480w, https:\/\/cbpa.cl\/wordpress\/wp-content\/uploads\/2026\/03\/WhatsApp-Image-2026-03-16-at-09.58.10-e1773672045525-300x246.jpeg 300w\" sizes=\"auto, (max-width: 480px) 100vw, 480px\" \/><\/figure>\n<\/div><\/div>\n<\/div><\/div><\/div>\n\n\n\n<div class=\"alignwide mzb-section mzb-section-7523ac9b alignwide\"><div class=\"mzb-container\"><div class=\"mzb-section-inner is-horizontal justify-center align-center\">\n<div class=\"mzb-column mzb-column-d19fcbea\"><div class=\"mzb-column-inner\">\n<p class=\"mzb-paragraph mzb-paragraph-35a4f8e9\">De igual forma, en el Consejo de Comandantes se llev\u00f3 a cabo la elecci\u00f3n de su nueva directiva, instancia en la que nuestro Comandante, Sr. Sergio Pinilla Rosales, fue elegido como 3er Vicepresidente, asumiendo la responsabilidad de colaborar en la coordinaci\u00f3n operativa y en el fortalecimiento del trabajo conjunto entre los comandantes de la Regi\u00f3n Metropolitana.<br>Como instituci\u00f3n, valoramos y destacamos la confianza depositada en nuestros representantes, quienes continuar\u00e1n aportando con su experiencia, compromiso y vocaci\u00f3n de servicio al desarrollo y fortalecimiento del sistema bomberil regional.<\/p>\n\n\n\n<figure class=\"mzb-image mzb-image-124c54e0\"><img loading=\"lazy\" decoding=\"async\" class=\"wp-image-1313 hover-effect-static filter-none mask mask-none\" src=\"https:\/\/cbpa.cl\/wordpress\/wp-content\/uploads\/2026\/03\/WhatsApp-Image-2026-03-16-at-10.39.34-e1773672159784.jpeg\" alt=\"\" height=\"467\" width=\"480\" srcset=\"https:\/\/cbpa.cl\/wordpress\/wp-content\/uploads\/2026\/03\/WhatsApp-Image-2026-03-16-at-10.39.34-e1773672159784.jpeg 480w, https:\/\/cbpa.cl\/wordpress\/wp-content\/uploads\/2026\/03\/WhatsApp-Image-2026-03-16-at-10.39.34-e1773672159784-300x292.jpeg 300w\" sizes=\"auto, (max-width: 480px) 100vw, 480px\" \/><\/figure>\n<\/div><\/div>\n<\/div><\/div><\/div>\n\n\n\n<p><\/p>\n","protected":false},"excerpt":{"rendered":"","protected":false},"author":2,"featured_media":1325,"comment_status":"closed","ping_status":"closed","sticky":false,"template":"","format":"standard","meta":{"footnotes":""},"categories":[9],"tags":[16,25],"class_list":["post-1310","post","type-post","status-publish","format-standard","has-post-thumbnail","hentry","category-noticias","tag-institucional","tag-relaciones-institucionales"],"magazineBlocksPostFeaturedMedia":{"thumbnail":"https:\/\/cbpa.cl\/wordpress\/wp-content\/uploads\/2026\/03\/WhatsApp-Image-2026-03-16-at-15.05.54-150x150.jpeg","medium":"https:\/\/cbpa.cl\/wordpress\/wp-content\/uploads\/2026\/03\/WhatsApp-Image-2026-03-16-at-15.05.54-240x300.jpeg","medium_large":"https:\/\/cbpa.cl\/wordpress\/wp-content\/uploads\/2026\/03\/WhatsApp-Image-2026-03-16-at-15.05.54-768x960.jpeg","large":"https:\/\/cbpa.cl\/wordpress\/wp-content\/uploads\/2026\/03\/WhatsApp-Image-2026-03-16-at-15.05.54-819x1024.jpeg","1536x1536":"https:\/\/cbpa.cl\/wordpress\/wp-content\/uploads\/2026\/03\/WhatsApp-Image-2026-03-16-at-15.05.54.jpeg","2048x2048":"https:\/\/cbpa.cl\/wordpress\/wp-content\/uploads\/2026\/03\/WhatsApp-Image-2026-03-16-at-15.05.54.jpeg"},"magazineBlocksPostAuthor":{"name":"Relaciones Publicas","avatar":"https:\/\/secure.gravatar.com\/avatar\/f42155d5f77920749b5e70f21fdb8099bede06e33604f1fd40ded9bfee069536?s=96&d=mm&r=g"},"magazineBlocksPostCommentsNumber":false,"magazineBlocksPostExcerpt":"","magazineBlocksPostCategories":["Noticias"],"magazineBlocksPostViewCount":135,"magazineBlocksPostReadTime":1,"magazine_blocks_featured_image_url":{"full":["https:\/\/cbpa.cl\/wordpress\/wp-content\/uploads\/2026\/03\/WhatsApp-Image-2026-03-16-at-15.05.54.jpeg",1080,1350,false],"medium":["https:\/\/cbpa.cl\/wordpress\/wp-content\/uploads\/2026\/03\/WhatsApp-Image-2026-03-16-at-15.05.54-240x300.jpeg",240,300,true],"thumbnail":["https:\/\/cbpa.cl\/wordpress\/wp-content\/uploads\/2026\/03\/WhatsApp-Image-2026-03-16-at-15.05.54-150x150.jpeg",150,150,true]},"magazine_blocks_author":{"display_name":"Relaciones Publicas","author_link":"https:\/\/cbpa.cl\/index.php\/author\/relaciones-publicas\/"},"magazine_blocks_comment":0,"magazine_blocks_author_image":"https:\/\/secure.gravatar.com\/avatar\/f42155d5f77920749b5e70f21fdb8099bede06e33604f1fd40ded9bfee069536?s=96&d=mm&r=g","magazine_blocks_category":"<a href=\"#\" class=\"category-link category-link-9\">Noticias<\/a>","_links":{"self":[{"href":"https:\/\/cbpa.cl\/index.php\/wp-json\/wp\/v2\/posts\/1310","targetHints":{"allow":["GET"]}}],"collection":[{"href":"https:\/\/cbpa.cl\/index.php\/wp-json\/wp\/v2\/posts"}],"about":[{"href":"https:\/\/cbpa.cl\/index.php\/wp-json\/wp\/v2\/types\/post"}],"author":[{"embeddable":true,"href":"https:\/\/cbpa.cl\/index.php\/wp-json\/wp\/v2\/users\/2"}],"replies":[{"embeddable":true,"href":"https:\/\/cbpa.cl\/index.php\/wp-json\/wp\/v2\/comments?post=1310"}],"version-history":[{"count":0,"href":"https:\/\/cbpa.cl\/index.php\/wp-json\/wp\/v2\/posts\/1310\/revisions"}],"wp:featuredmedia":[{"embeddable":true,"href":"https:\/\/cbpa.cl\/index.php\/wp-json\/wp\/v2\/media\/1325"}],"wp:attachment":[{"href":"https:\/\/cbpa.cl\/index.php\/wp-json\/wp\/v2\/media?parent=1310"}],"wp:term":[{"taxonomy":"category","embeddable":true,"href":"https:\/\/cbpa.cl\/index.php\/wp-json\/wp\/v2\/categories?post=1310"},{"taxonomy":"post_tag","embeddable":true,"href":"https:\/\/cbpa.cl\/index.php\/wp-json\/wp\/v2\/tags?post=1310"}],"curies":[{"name":"wp","href":"https:\/\/api.w.org\/{rel}","templated":true}]}}